{"id":4707,"date":"2023-09-06T19:05:42","date_gmt":"2023-09-06T19:05:42","guid":{"rendered":"https:\/\/pt.ouraparque.com\/?p=4707"},"modified":"2023-11-24T14:47:26","modified_gmt":"2023-11-24T14:47:26","slug":"acerca-de-nosotros-su-experiencia-de-alquiler-vacacional-premier","status":"publish","type":"post","link":"https:\/\/www.sinerop.com\/reserva-es\/acerca-de-nosotros-su-experiencia-de-alquiler-vacacional-premier\/","title":{"rendered":"Acerca de nosotros: su experiencia de alquiler vacacional Premier"},"content":{"rendered":"<h4>Descubre la mejor experiencia de alquiler vacacional para tu grupo familiar<\/h4>\n<p>\u00bfSue\u00f1a con unas vacaciones inolvidables donde la comodidad del \u201calquiler de vacaciones para grupos familiares\u201d se combine con la aventura? \u00a1No busque m\u00e1s! Nuestra empresa l\u00edder en alquiler vacacional se especializa en ofrecer propiedades y villas de lujo a medida para satisfacer las diversas necesidades de familias y grupos j\u00f3venes. Ya sea que est\u00e9 buscando un retiro sereno o una aventura llena de acci\u00f3n con amigos, lo tenemos cubierto.<\/p>\n<h4>Alquileres vacacionales y villas de lujo para cada ocasi\u00f3n<\/h4>\n<p>Nuestra amplia cartera cuenta con una impresionante selecci\u00f3n de propiedades y villas dise\u00f1adas para satisfacer todos los gustos y preferencias. Las familias pueden disfrutar de habitaciones espaciosas y acogedoras que se sentir\u00e1n como en casa lejos del hogar, con comodidades modernas y vistas impresionantes. Para los en\u00e9rgicos y j\u00f3venes de coraz\u00f3n, nuestras propiedades y villas est\u00e1n estrat\u00e9gicamente ubicadas cerca de una vibrante vida nocturna, atracciones emocionantes y actividades al aire libre que prometen experiencias emocionantes.<\/p>\n<p>Entendemos que unas excelentes vacaciones comienzan con un alojamiento excepcional. Es por eso que nuestras propiedades y villas se mantienen meticulosamente para garantizar su m\u00e1ximo confort. Cocinas totalmente equipadas, amplias salas de estar y espacios privados al aire libre son solo algunas de las caracter\u00edsticas que puede esperar de nuestras propiedades y villas. Estamos orgullosos de ofrecerle una experiencia de vacaciones perfecta y sin estr\u00e9s.<\/p>\n<h4>Experiencias personalizadas para cada viajero<\/h4>\n<p>En esencia, creemos en la personalizaci\u00f3n. Nuestro equipo experimentado est\u00e1 dedicado a organizar sus vacaciones perfectas. Las familias pueden disfrutar de tranquilas propiedades y villas frente al mar, mientras que los m\u00e1s j\u00f3venes pueden alojarse en el coraz\u00f3n de los distritos de entretenimiento. Atendemos sus deseos \u00fanicos, asegurando que sus vacaciones coincidan con su visi\u00f3n.<\/p>\n<h4>Reserva el viaje de tus sue\u00f1os hoy<\/h4>\n<p>No pierdas la oportunidad de vivir unas vacaciones como ninguna otra. Cont\u00e1ctanos ahora y deja que nuestro equipo de expertos te ayude a elegir la propiedad o villa ideal para tu pr\u00f3xima aventura. Con nosotros, no s\u00f3lo est\u00e1s reservando unas vacaciones; est\u00e1s reservando recuerdos que durar\u00e1n toda la vida. Las vacaciones de tus sue\u00f1os te est\u00e1n esperando: \u00a1empieza a planificar con nosotros hoy!<\/p>\n","protected":false},"excerpt":{"rendered":"<p>Descubre la mejor experiencia de alquiler vacacional para tu grupo familiar \u00bfSue\u00f1a con unas vacaciones inolvidables donde la comodidad del \u201calquiler de vacaciones para grupos familiares\u201d se combine con la aventura? \u00a1No busque m\u00e1s! Nuestra empresa l\u00edder en alquiler vacacional se especializa en ofrecer propiedades y villas de lujo a medida para satisfacer las diversas [&hellip;]<\/p>\n","protected":false},"author":2,"featured_media":5822,"comment_status":"open","ping_status":"open","sticky":false,"template":"","format":"standard","meta":{"footnotes":""},"categories":[16],"tags":[],"class_list":["post-4707","post","type-post","status-publish","format-standard","has-post-thumbnail","hentry","category-city-guide"],"yoast_head":"<!-- This site is optimized with the Yoast SEO plugin v26.8 - https:\/\/yoast.com\/product\/yoast-seo-wordpress\/ -->\n<title>alquiler vacacional de apartamentos y villas para familias y grupos<\/title>\n<meta name=\"description\" content=\"Alquiler de apartamentos y villas vacacionales: descubra la mejor experiencia de escapada con nuestra empresa de alquiler vacacional:\" \/>\n<meta name=\"robots\" content=\"index, follow, max-snippet:-1, max-image-preview:large, max-video-preview:-1\" \/>\n<link rel=\"canonical\" href=\"https:\/\/www.sinerop.com\/reserva-es\/acerca-de-nosotros-su-experiencia-de-alquiler-vacacional-premier\/\" \/>\n<meta property=\"og:locale\" content=\"es_ES\" \/>\n<meta property=\"og:type\" content=\"article\" \/>\n<meta property=\"og:title\" content=\"alquiler vacacional de apartamentos y villas para familias y grupos\" \/>\n<meta property=\"og:description\" content=\"Alquiler de apartamentos y villas vacacionales: descubra la mejor experiencia de escapada con nuestra empresa de alquiler vacacional:\" \/>\n<meta property=\"og:url\" content=\"https:\/\/www.sinerop.com\/reserva-es\/acerca-de-nosotros-su-experiencia-de-alquiler-vacacional-premier\/\" \/>\n<meta property=\"og:site_name\" content=\"Apartamentos y villas en Albufeira\" \/>\n<meta property=\"article:author\" content=\"https:\/\/www.facebook.com\/profile.php?id=61558536371827\" \/>\n<meta property=\"article:published_time\" content=\"2023-09-06T19:05:42+00:00\" \/>\n<meta property=\"article:modified_time\" content=\"2023-11-24T14:47:26+00:00\" \/>\n<meta property=\"og:image\" content=\"https:\/\/www.sinerop.com\/reserva-es\/wp-content\/uploads\/sites\/6\/2023\/09\/\u0421\u043d\u0438\u043c\u043e\u043a-\u044d\u043a\u0440\u0430\u043d\u0430-2023-11-16-\u0432-20.17.47-1-scaled.jpg\" \/>\n\t<meta property=\"og:image:width\" content=\"2560\" \/>\n\t<meta property=\"og:image:height\" content=\"1705\" \/>\n\t<meta property=\"og:image:type\" content=\"image\/jpeg\" \/>\n<meta name=\"author\" content=\"Sinerop\" \/>\n<meta name=\"twitter:card\" content=\"summary_large_image\" \/>\n<meta name=\"twitter:label1\" content=\"Escrito por\" \/>\n\t<meta name=\"twitter:data1\" content=\"Sinerop\" \/>\n\t<meta name=\"twitter:label2\" content=\"Tiempo de lectura\" \/>\n\t<meta name=\"twitter:data2\" content=\"2 minutos\" \/>\n<script type=\"application\/ld+json\" class=\"yoast-schema-graph\">{\"@context\":\"https:\/\/schema.org\",\"@graph\":[{\"@type\":\"Article\",\"@id\":\"https:\/\/www.sinerop.com\/reserva-es\/acerca-de-nosotros-su-experiencia-de-alquiler-vacacional-premier\/#article\",\"isPartOf\":{\"@id\":\"https:\/\/www.sinerop.com\/reserva-es\/acerca-de-nosotros-su-experiencia-de-alquiler-vacacional-premier\/\"},\"author\":{\"name\":\"Sinerop\",\"@id\":\"https:\/\/www.sinerop.com\/reserva-es\/#\/schema\/person\/2932f5d706e3a0533914fc2ebd637667\"},\"headline\":\"Acerca de nosotros: su experiencia de alquiler vacacional Premier\",\"datePublished\":\"2023-09-06T19:05:42+00:00\",\"dateModified\":\"2023-11-24T14:47:26+00:00\",\"mainEntityOfPage\":{\"@id\":\"https:\/\/www.sinerop.com\/reserva-es\/acerca-de-nosotros-su-experiencia-de-alquiler-vacacional-premier\/\"},\"wordCount\":399,\"commentCount\":0,\"image\":{\"@id\":\"https:\/\/www.sinerop.com\/reserva-es\/acerca-de-nosotros-su-experiencia-de-alquiler-vacacional-premier\/#primaryimage\"},\"thumbnailUrl\":\"https:\/\/www.sinerop.com\/reserva-es\/wp-content\/uploads\/sites\/6\/2023\/09\/\u0421\u043d\u0438\u043c\u043e\u043a-\u044d\u043a\u0440\u0430\u043d\u0430-2023-11-16-\u0432-20.17.47-1-scaled.jpg\",\"articleSection\":[\"City Guide\"],\"inLanguage\":\"es\",\"potentialAction\":[{\"@type\":\"CommentAction\",\"name\":\"Comment\",\"target\":[\"https:\/\/www.sinerop.com\/reserva-es\/acerca-de-nosotros-su-experiencia-de-alquiler-vacacional-premier\/#respond\"]}]},{\"@type\":\"WebPage\",\"@id\":\"https:\/\/www.sinerop.com\/reserva-es\/acerca-de-nosotros-su-experiencia-de-alquiler-vacacional-premier\/\",\"url\":\"https:\/\/www.sinerop.com\/reserva-es\/acerca-de-nosotros-su-experiencia-de-alquiler-vacacional-premier\/\",\"name\":\"alquiler vacacional de apartamentos y villas para familias y grupos\",\"isPartOf\":{\"@id\":\"https:\/\/www.sinerop.com\/reserva-es\/#website\"},\"primaryImageOfPage\":{\"@id\":\"https:\/\/www.sinerop.com\/reserva-es\/acerca-de-nosotros-su-experiencia-de-alquiler-vacacional-premier\/#primaryimage\"},\"image\":{\"@id\":\"https:\/\/www.sinerop.com\/reserva-es\/acerca-de-nosotros-su-experiencia-de-alquiler-vacacional-premier\/#primaryimage\"},\"thumbnailUrl\":\"https:\/\/www.sinerop.com\/reserva-es\/wp-content\/uploads\/sites\/6\/2023\/09\/\u0421\u043d\u0438\u043c\u043e\u043a-\u044d\u043a\u0440\u0430\u043d\u0430-2023-11-16-\u0432-20.17.47-1-scaled.jpg\",\"datePublished\":\"2023-09-06T19:05:42+00:00\",\"dateModified\":\"2023-11-24T14:47:26+00:00\",\"author\":{\"@id\":\"https:\/\/www.sinerop.com\/reserva-es\/#\/schema\/person\/2932f5d706e3a0533914fc2ebd637667\"},\"description\":\"Alquiler de apartamentos y villas vacacionales: descubra la mejor experiencia de escapada con nuestra empresa de alquiler vacacional:\",\"breadcrumb\":{\"@id\":\"https:\/\/www.sinerop.com\/reserva-es\/acerca-de-nosotros-su-experiencia-de-alquiler-vacacional-premier\/#breadcrumb\"},\"inLanguage\":\"es\",\"potentialAction\":[{\"@type\":\"ReadAction\",\"target\":[\"https:\/\/www.sinerop.com\/reserva-es\/acerca-de-nosotros-su-experiencia-de-alquiler-vacacional-premier\/\"]}]},{\"@type\":\"ImageObject\",\"inLanguage\":\"es\",\"@id\":\"https:\/\/www.sinerop.com\/reserva-es\/acerca-de-nosotros-su-experiencia-de-alquiler-vacacional-premier\/#primaryimage\",\"url\":\"https:\/\/www.sinerop.com\/reserva-es\/wp-content\/uploads\/sites\/6\/2023\/09\/\u0421\u043d\u0438\u043c\u043e\u043a-\u044d\u043a\u0440\u0430\u043d\u0430-2023-11-16-\u0432-20.17.47-1-scaled.jpg\",\"contentUrl\":\"https:\/\/www.sinerop.com\/reserva-es\/wp-content\/uploads\/sites\/6\/2023\/09\/\u0421\u043d\u0438\u043c\u043e\u043a-\u044d\u043a\u0440\u0430\u043d\u0430-2023-11-16-\u0432-20.17.47-1-scaled.jpg\",\"width\":2560,\"height\":1705,\"caption\":\"alquiler vacacional\"},{\"@type\":\"BreadcrumbList\",\"@id\":\"https:\/\/www.sinerop.com\/reserva-es\/acerca-de-nosotros-su-experiencia-de-alquiler-vacacional-premier\/#breadcrumb\",\"itemListElement\":[{\"@type\":\"ListItem\",\"position\":1,\"name\":\"Home\",\"item\":\"https:\/\/www.sinerop.com\/reserva-es\/\"},{\"@type\":\"ListItem\",\"position\":2,\"name\":\"Acerca de nosotros: su experiencia de alquiler vacacional Premier\"}]},{\"@type\":\"WebSite\",\"@id\":\"https:\/\/www.sinerop.com\/reserva-es\/#website\",\"url\":\"https:\/\/www.sinerop.com\/reserva-es\/\",\"name\":\"Apartamentos y villas en Albufeira\",\"description\":\"Pisos y Casas en alquiler en Albufeira\",\"potentialAction\":[{\"@type\":\"SearchAction\",\"target\":{\"@type\":\"EntryPoint\",\"urlTemplate\":\"https:\/\/www.sinerop.com\/reserva-es\/?s={search_term_string}\"},\"query-input\":{\"@type\":\"PropertyValueSpecification\",\"valueRequired\":true,\"valueName\":\"search_term_string\"}}],\"inLanguage\":\"es\"},{\"@type\":\"Person\",\"@id\":\"https:\/\/www.sinerop.com\/reserva-es\/#\/schema\/person\/2932f5d706e3a0533914fc2ebd637667\",\"name\":\"Sinerop\",\"image\":{\"@type\":\"ImageObject\",\"inLanguage\":\"es\",\"@id\":\"https:\/\/www.sinerop.com\/reserva-es\/#\/schema\/person\/image\/\",\"url\":\"https:\/\/secure.gravatar.com\/avatar\/8e6ca41489da2fa5c3ce89f8c4e2db3e?s=96&d=mm&r=g\",\"contentUrl\":\"https:\/\/secure.gravatar.com\/avatar\/8e6ca41489da2fa5c3ce89f8c4e2db3e?s=96&d=mm&r=g\",\"caption\":\"Sinerop\"},\"sameAs\":[\"https:\/\/www.facebook.com\/profile.php?id=61558536371827\"],\"url\":\"https:\/\/www.sinerop.com\/reserva-es\/author\/mamuka-2\/\"}]}<\/script>\n<!-- \/ Yoast SEO plugin. -->","yoast_head_json":{"title":"alquiler vacacional de apartamentos y villas para familias y grupos","description":"Alquiler de apartamentos y villas vacacionales: descubra la mejor experiencia de escapada con nuestra empresa de alquiler vacacional:","robots":{"index":"index","follow":"follow","max-snippet":"max-snippet:-1","max-image-preview":"max-image-preview:large","max-video-preview":"max-video-preview:-1"},"canonical":"https:\/\/www.sinerop.com\/reserva-es\/acerca-de-nosotros-su-experiencia-de-alquiler-vacacional-premier\/","og_locale":"es_ES","og_type":"article","og_title":"alquiler vacacional de apartamentos y villas para familias y grupos","og_description":"Alquiler de apartamentos y villas vacacionales: descubra la mejor experiencia de escapada con nuestra empresa de alquiler vacacional:","og_url":"https:\/\/www.sinerop.com\/reserva-es\/acerca-de-nosotros-su-experiencia-de-alquiler-vacacional-premier\/","og_site_name":"Apartamentos y villas en Albufeira","article_author":"https:\/\/www.facebook.com\/profile.php?id=61558536371827","article_published_time":"2023-09-06T19:05:42+00:00","article_modified_time":"2023-11-24T14:47:26+00:00","og_image":[{"width":2560,"height":1705,"url":"https:\/\/www.sinerop.com\/reserva-es\/wp-content\/uploads\/sites\/6\/2023\/09\/\u0421\u043d\u0438\u043c\u043e\u043a-\u044d\u043a\u0440\u0430\u043d\u0430-2023-11-16-\u0432-20.17.47-1-scaled.jpg","type":"image\/jpeg"}],"author":"Sinerop","twitter_card":"summary_large_image","twitter_misc":{"Escrito por":"Sinerop","Tiempo de lectura":"2 minutos"},"schema":{"@context":"https:\/\/schema.org","@graph":[{"@type":"Article","@id":"https:\/\/www.sinerop.com\/reserva-es\/acerca-de-nosotros-su-experiencia-de-alquiler-vacacional-premier\/#article","isPartOf":{"@id":"https:\/\/www.sinerop.com\/reserva-es\/acerca-de-nosotros-su-experiencia-de-alquiler-vacacional-premier\/"},"author":{"name":"Sinerop","@id":"https:\/\/www.sinerop.com\/reserva-es\/#\/schema\/person\/2932f5d706e3a0533914fc2ebd637667"},"headline":"Acerca de nosotros: su experiencia de alquiler vacacional Premier","datePublished":"2023-09-06T19:05:42+00:00","dateModified":"2023-11-24T14:47:26+00:00","mainEntityOfPage":{"@id":"https:\/\/www.sinerop.com\/reserva-es\/acerca-de-nosotros-su-experiencia-de-alquiler-vacacional-premier\/"},"wordCount":399,"commentCount":0,"image":{"@id":"https:\/\/www.sinerop.com\/reserva-es\/acerca-de-nosotros-su-experiencia-de-alquiler-vacacional-premier\/#primaryimage"},"thumbnailUrl":"https:\/\/www.sinerop.com\/reserva-es\/wp-content\/uploads\/sites\/6\/2023\/09\/\u0421\u043d\u0438\u043c\u043e\u043a-\u044d\u043a\u0440\u0430\u043d\u0430-2023-11-16-\u0432-20.17.47-1-scaled.jpg","articleSection":["City Guide"],"inLanguage":"es","potentialAction":[{"@type":"CommentAction","name":"Comment","target":["https:\/\/www.sinerop.com\/reserva-es\/acerca-de-nosotros-su-experiencia-de-alquiler-vacacional-premier\/#respond"]}]},{"@type":"WebPage","@id":"https:\/\/www.sinerop.com\/reserva-es\/acerca-de-nosotros-su-experiencia-de-alquiler-vacacional-premier\/","url":"https:\/\/www.sinerop.com\/reserva-es\/acerca-de-nosotros-su-experiencia-de-alquiler-vacacional-premier\/","name":"alquiler vacacional de apartamentos y villas para familias y grupos","isPartOf":{"@id":"https:\/\/www.sinerop.com\/reserva-es\/#website"},"primaryImageOfPage":{"@id":"https:\/\/www.sinerop.com\/reserva-es\/acerca-de-nosotros-su-experiencia-de-alquiler-vacacional-premier\/#primaryimage"},"image":{"@id":"https:\/\/www.sinerop.com\/reserva-es\/acerca-de-nosotros-su-experiencia-de-alquiler-vacacional-premier\/#primaryimage"},"thumbnailUrl":"https:\/\/www.sinerop.com\/reserva-es\/wp-content\/uploads\/sites\/6\/2023\/09\/\u0421\u043d\u0438\u043c\u043e\u043a-\u044d\u043a\u0440\u0430\u043d\u0430-2023-11-16-\u0432-20.17.47-1-scaled.jpg","datePublished":"2023-09-06T19:05:42+00:00","dateModified":"2023-11-24T14:47:26+00:00","author":{"@id":"https:\/\/www.sinerop.com\/reserva-es\/#\/schema\/person\/2932f5d706e3a0533914fc2ebd637667"},"description":"Alquiler de apartamentos y villas vacacionales: descubra la mejor experiencia de escapada con nuestra empresa de alquiler vacacional:","breadcrumb":{"@id":"https:\/\/www.sinerop.com\/reserva-es\/acerca-de-nosotros-su-experiencia-de-alquiler-vacacional-premier\/#breadcrumb"},"inLanguage":"es","potentialAction":[{"@type":"ReadAction","target":["https:\/\/www.sinerop.com\/reserva-es\/acerca-de-nosotros-su-experiencia-de-alquiler-vacacional-premier\/"]}]},{"@type":"ImageObject","inLanguage":"es","@id":"https:\/\/www.sinerop.com\/reserva-es\/acerca-de-nosotros-su-experiencia-de-alquiler-vacacional-premier\/#primaryimage","url":"https:\/\/www.sinerop.com\/reserva-es\/wp-content\/uploads\/sites\/6\/2023\/09\/\u0421\u043d\u0438\u043c\u043e\u043a-\u044d\u043a\u0440\u0430\u043d\u0430-2023-11-16-\u0432-20.17.47-1-scaled.jpg","contentUrl":"https:\/\/www.sinerop.com\/reserva-es\/wp-content\/uploads\/sites\/6\/2023\/09\/\u0421\u043d\u0438\u043c\u043e\u043a-\u044d\u043a\u0440\u0430\u043d\u0430-2023-11-16-\u0432-20.17.47-1-scaled.jpg","width":2560,"height":1705,"caption":"alquiler vacacional"},{"@type":"BreadcrumbList","@id":"https:\/\/www.sinerop.com\/reserva-es\/acerca-de-nosotros-su-experiencia-de-alquiler-vacacional-premier\/#breadcrumb","itemListElement":[{"@type":"ListItem","position":1,"name":"Home","item":"https:\/\/www.sinerop.com\/reserva-es\/"},{"@type":"ListItem","position":2,"name":"Acerca de nosotros: su experiencia de alquiler vacacional Premier"}]},{"@type":"WebSite","@id":"https:\/\/www.sinerop.com\/reserva-es\/#website","url":"https:\/\/www.sinerop.com\/reserva-es\/","name":"Apartamentos y villas en Albufeira","description":"Pisos y Casas en alquiler en Albufeira","potentialAction":[{"@type":"SearchAction","target":{"@type":"EntryPoint","urlTemplate":"https:\/\/www.sinerop.com\/reserva-es\/?s={search_term_string}"},"query-input":{"@type":"PropertyValueSpecification","valueRequired":true,"valueName":"search_term_string"}}],"inLanguage":"es"},{"@type":"Person","@id":"https:\/\/www.sinerop.com\/reserva-es\/#\/schema\/person\/2932f5d706e3a0533914fc2ebd637667","name":"Sinerop","image":{"@type":"ImageObject","inLanguage":"es","@id":"https:\/\/www.sinerop.com\/reserva-es\/#\/schema\/person\/image\/","url":"https:\/\/secure.gravatar.com\/avatar\/8e6ca41489da2fa5c3ce89f8c4e2db3e?s=96&d=mm&r=g","contentUrl":"https:\/\/secure.gravatar.com\/avatar\/8e6ca41489da2fa5c3ce89f8c4e2db3e?s=96&d=mm&r=g","caption":"Sinerop"},"sameAs":["https:\/\/www.facebook.com\/profile.php?id=61558536371827"],"url":"https:\/\/www.sinerop.com\/reserva-es\/author\/mamuka-2\/"}]}},"_links":{"self":[{"href":"https:\/\/www.sinerop.com\/reserva-es\/wp-json\/wp\/v2\/posts\/4707","targetHints":{"allow":["GET"]}}],"collection":[{"href":"https:\/\/www.sinerop.com\/reserva-es\/wp-json\/wp\/v2\/posts"}],"about":[{"href":"https:\/\/www.sinerop.com\/reserva-es\/wp-json\/wp\/v2\/types\/post"}],"author":[{"embeddable":true,"href":"https:\/\/www.sinerop.com\/reserva-es\/wp-json\/wp\/v2\/users\/2"}],"replies":[{"embeddable":true,"href":"https:\/\/www.sinerop.com\/reserva-es\/wp-json\/wp\/v2\/comments?post=4707"}],"version-history":[{"count":8,"href":"https:\/\/www.sinerop.com\/reserva-es\/wp-json\/wp\/v2\/posts\/4707\/revisions"}],"predecessor-version":[{"id":5823,"href":"https:\/\/www.sinerop.com\/reserva-es\/wp-json\/wp\/v2\/posts\/4707\/revisions\/5823"}],"wp:featuredmedia":[{"embeddable":true,"href":"https:\/\/www.sinerop.com\/reserva-es\/wp-json\/wp\/v2\/media\/5822"}],"wp:attachment":[{"href":"https:\/\/www.sinerop.com\/reserva-es\/wp-json\/wp\/v2\/media?parent=4707"}],"wp:term":[{"taxonomy":"category","embeddable":true,"href":"https:\/\/www.sinerop.com\/reserva-es\/wp-json\/wp\/v2\/categories?post=4707"},{"taxonomy":"post_tag","embeddable":true,"href":"https:\/\/www.sinerop.com\/reserva-es\/wp-json\/wp\/v2\/tags?post=4707"}],"curies":[{"name":"wp","href":"https:\/\/api.w.org\/{rel}","templated":true}]}}